{"id":788,"date":"2018-07-06T11:06:05","date_gmt":"2018-07-06T09:06:05","guid":{"rendered":"http:\/\/www.parquoijecommence.eu\/?p=788"},"modified":"2018-07-06T11:28:31","modified_gmt":"2018-07-06T09:28:31","slug":"connaissez-vous-les-reumeuleuleu","status":"publish","type":"post","link":"https:\/\/www.parquoijecommence.eu\/?p=788","title":{"rendered":"Connaissez-vous les Reumeuleuleu???"},"content":{"rendered":"<h2>Les kwaa???<\/h2>\n<p>Les Reumeuleuleu, ou RMLL ou <strong>Rencontres Mondiales du Logiciel Libre<\/strong>, c&rsquo;est LE Festival qui rassemble tous les th\u00e8mes et les acteurs concern\u00e9s par lesdits logiciels libres et Linux et&#8230;<\/p>\n<h5>Apr\u00e8s Beauvais, Gen\u00e8ve&#8230; c&rsquo;est Strasbourg qui accueille cette rencontre, et c&rsquo;est <a href=\"https:\/\/2018.rmll.info\/fr\/program\/calendar\/table\" target=\"_blank\" rel=\"noopener\">Ce WEEK-END et jusqu&rsquo;\u00e0 mercredi<\/a>!!!<\/h5>\n<p>Je vous mets le lien vers la page du Festival, c&rsquo;est un \u00e9v\u00e9nement tr\u00e8s convivial pour tous ceux qui s&rsquo;int\u00e8ressent \u00e0 ces th\u00e9matiques, avec des ateliers, des conf\u00e9rences&#8230;<\/p>\n<p>On peut essayer des distributions (venez avec une cl\u00e9 USB de 16 Go au minimum&#8230;), y manger, boire des bi\u00e8res&#8230;<\/p>\n<p>&nbsp;<\/p>\n<p><img loading=\"lazy\" decoding=\"async\" class=\"alignnone wp-image-817\" src=\"http:\/\/www.parquoijecommence.eu\/wp-content\/uploads\/2018\/07\/nerd.jpg\" alt=\"\" width=\"224\" height=\"202\" srcset=\"https:\/\/www.parquoijecommence.eu\/wp-content\/uploads\/2018\/07\/nerd.jpg 1417w, https:\/\/www.parquoijecommence.eu\/wp-content\/uploads\/2018\/07\/nerd-300x271.jpg 300w, https:\/\/www.parquoijecommence.eu\/wp-content\/uploads\/2018\/07\/nerd-768x693.jpg 768w, https:\/\/www.parquoijecommence.eu\/wp-content\/uploads\/2018\/07\/nerd-1024x924.jpg 1024w, https:\/\/www.parquoijecommence.eu\/wp-content\/uploads\/2018\/07\/nerd-600x541.jpg 600w\" sizes=\"auto, (max-width: 224px) 100vw, 224px\" \/><\/p>\n<p>Je tiens \u00e0 ajouter que ce n&rsquo;est pas seulement un rendez-vous pour les geeks poilus et binoclards (ils y sont les bienvenus quand m\u00eame), y sont abord\u00e9s des th\u00e8mes qui nous concernent tous tous les jours, m\u00eame si nous ne sommes pas des linuxiens convertis et convaincus, comme <strong>la d\u00e9pendance aux logiciels propri\u00e9taires (Microxxxx et Macxxx) dans le milieu de l&rsquo;\u00e9ducation<\/strong>, la musique libre et les droits d&rsquo;auteur, <strong>l&rsquo;importance des logiciels libres dans les pays dits \u00e9mergents<\/strong>, l&rsquo;\u00e9ducation au libre dans les associations, ou par <strong>le probl\u00e8me de d\u00e9pendance aux m\u00e9taux rares, que cause notre propension \u00e0 tout digitaliser, relier et tout automatiser&#8230;<\/strong><\/p>\n<p>Et les plus avertis pourront y parler d&rsquo;avenir du FOSS, de mixage sous Ardour,\u00a0 de d\u00e9veleoppement, de git, et de bien d&rsquo;autres sujets auxquels je ne comprends rien!!!<\/p>\n<h6><a href=\"https:\/\/2018.rmll.info\/\" target=\"_blank\" rel=\"noopener\">ReuMeuLeuLeu, c&rsquo;est ici!!<\/a><\/h6>\n<h5>Et nous alors???<\/h5>\n<p>Je renouvelle un appel aux personnes interess\u00e9es qui souhaiteraient participer ou assister \u00e0 des ateliers Linux\/Logiciels Libres \u00e0 partir de septembre 2018 sur Wissembourg. Elles peuvent s&rsquo;inscrire dans le tableau qui s&rsquo;ouvrira quands <a href=\"https:\/\/lite.framacalc.org\/Atelier-Linux--Logiciels-Libres-a-Wissembourg\">vous cliquez ici!!!<\/a><\/p>\n<h5>J&rsquo;organiserai une r\u00e9union d&rsquo;information courant septembre, vous en serez inform\u00e9s!!<\/h5>\n<p>PS: je ne veux pas cr\u00e9er de troll, mais je crois que je n&rsquo;ai pas mis la p\u0125oto d&rsquo;un geek, mais celle d&rsquo;un nerd&#8230; D\u00e9sol\u00e9 pour les geek, je crois que le sujet pourrait aussi faire l&rsquo;objet d&rsquo;une conf\u00e9rence&#8230;<\/p>\n","protected":false},"excerpt":{"rendered":"<p>Les kwaa??? Les Reumeuleuleu, ou RMLL ou Rencontres Mondiales du Logiciel Libre, c&rsquo;est LE Festival qui rassemble tous les th\u00e8mes<\/p>\n","protected":false},"author":2,"featured_media":818,"comment_status":"open","ping_status":"open","sticky":false,"template":"","format":"standard","meta":{"colormag_page_container_layout":"default_layout","colormag_page_sidebar_layout":"default_layout","footnotes":""},"categories":[99,3,5,7,80],"tags":[88,104,18,10,136,137,135,85],"class_list":["post-788","post","type-post","status-publish","format-standard","has-post-thumbnail","hentry","category-changement","category-democratie","category-economie","category-energie","category-strasbourg","tag-changement","tag-communication","tag-evenements","tag-hacker-la-ville","tag-linux","tag-logiciels-libres","tag-rmll","tag-strasbourg"],"_links":{"self":[{"href":"https:\/\/www.parquoijecommence.eu\/index.php?rest_route=\/wp\/v2\/posts\/788","targetHints":{"allow":["GET"]}}],"collection":[{"href":"https:\/\/www.parquoijecommence.eu\/index.php?rest_route=\/wp\/v2\/posts"}],"about":[{"href":"https:\/\/www.parquoijecommence.eu\/index.php?rest_route=\/wp\/v2\/types\/post"}],"author":[{"embeddable":true,"href":"https:\/\/www.parquoijecommence.eu\/index.php?rest_route=\/wp\/v2\/users\/2"}],"replies":[{"embeddable":true,"href":"https:\/\/www.parquoijecommence.eu\/index.php?rest_route=%2Fwp%2Fv2%2Fcomments&post=788"}],"version-history":[{"count":6,"href":"https:\/\/www.parquoijecommence.eu\/index.php?rest_route=\/wp\/v2\/posts\/788\/revisions"}],"predecessor-version":[{"id":825,"href":"https:\/\/www.parquoijecommence.eu\/index.php?rest_route=\/wp\/v2\/posts\/788\/revisions\/825"}],"wp:featuredmedia":[{"embeddable":true,"href":"https:\/\/www.parquoijecommence.eu\/index.php?rest_route=\/wp\/v2\/media\/818"}],"wp:attachment":[{"href":"https:\/\/www.parquoijecommence.eu\/index.php?rest_route=%2Fwp%2Fv2%2Fmedia&parent=788"}],"wp:term":[{"taxonomy":"category","embeddable":true,"href":"https:\/\/www.parquoijecommence.eu\/index.php?rest_route=%2Fwp%2Fv2%2Fcategories&post=788"},{"taxonomy":"post_tag","embeddable":true,"href":"https:\/\/www.parquoijecommence.eu\/index.php?rest_route=%2Fwp%2Fv2%2Ftags&post=788"}],"curies":[{"name":"wp","href":"https:\/\/api.w.org\/{rel}","templated":true}]}}