{"id":750,"date":"2018-05-25T18:16:50","date_gmt":"2018-05-25T16:16:50","guid":{"rendered":"http:\/\/www.parquoijecommence.eu\/?p=750"},"modified":"2018-05-28T11:57:05","modified_gmt":"2018-05-28T09:57:05","slug":"reunion-du-groupe-zero-dechet-le-28-mai","status":"publish","type":"post","link":"https:\/\/www.parquoijecommence.eu\/?p=750","title":{"rendered":"R\u00e9union du groupe \u00ab\u00a0Z\u00e9ro D\u00e9chet\u00a0\u00bb le 28 mai"},"content":{"rendered":"<p>Cool, un groupe de plus qui prend de l&rsquo;ampleur!!!<\/p>\n<h4>Ce lundi 28 mai a donc lieu chez Sophie Sch\u00f6nh\u00f6fer une r\u00e9union du Groupe Zero D\u00e9chet.<br \/>\nRendez-vous \u00e0 19h30 au 6 rue de la Carri\u00e8re \u00e0 Wissembourg (Weiler)<\/h4>\n<p><img loading=\"lazy\" decoding=\"async\" class=\"wp-image-752 alignnone\" src=\"http:\/\/www.parquoijecommence.eu\/wp-content\/uploads\/2018\/05\/zerowastefrance_demarche.jpg\" alt=\"\" width=\"492\" height=\"352\" srcset=\"https:\/\/www.parquoijecommence.eu\/wp-content\/uploads\/2018\/05\/zerowastefrance_demarche.jpg 700w, https:\/\/www.parquoijecommence.eu\/wp-content\/uploads\/2018\/05\/zerowastefrance_demarche-300x215.jpg 300w, https:\/\/www.parquoijecommence.eu\/wp-content\/uploads\/2018\/05\/zerowastefrance_demarche-600x429.jpg 600w\" sizes=\"auto, (max-width: 492px) 100vw, 492px\" \/><\/p>\n<p>Sophie pr\u00e9cise de se munir d&rsquo;un GPS comp\u00e9tent!!<\/p>\n<p>Une courte pr\u00e9sentation:<\/p>\n<blockquote>\n<h5>\u00ab\u00a0Il s&rsquo;agit de concr\u00e9tiser nos actions futures par un \u00e9crit adress\u00e9 aux particuliers comme aux commer\u00e7ants, aux entreprises, aux producteurs locaux, aux associations &#8230; \u00e0 la ville &#8230; et \u00e0 nous, signataires. De lister les actions possibles. De d\u00e9marrer des actions \u00ab\u00a0z\u00e9ro d\u00e9chets\u00a0\u00bb.\u00a0\u00bb<\/h5>\n<\/blockquote>\n<h5>Un programme et un agenda ambitieux:<\/h5>\n<ul>\n<li>Edition d&rsquo;une charte \u00ab\u00a0Z\u00e9ro D\u00e9chet\u00a0\u00bb style <a href=\"http:\/\/www.roubaixzerodechet.fr\/\">Roubaix<\/a><\/li>\n<li>Lancement d&rsquo;un groupe \u00ab\u00a0Z&rsquo;H\u00e9ros D\u00e9chet\u00a0\u00bb<\/li>\n<li>Lancement d&rsquo;un groupe pour la mise en place d&rsquo;un Sticker pour les commer\u00e7ants<\/li>\n<li>Cas du Festival de l&rsquo;Outre For\u00eat qui aura lieu du 29\/06 au 01\/07 \u00e0 Wissembourg (et dont le Collectif est un acteur important)<\/li>\n<li>&#8230; et toutes autres actions visant \u00e0 r\u00e9duire les d\u00e9chets, pas \u00e0 pas, selon la m\u00e9thode Kaizen<\/li>\n<\/ul>\n<p>On attend toutes les bonnes volont\u00e9s, les \u00ab\u00a0d\u00e9j\u00e0 actifs\u00a0\u00bb qui veulent en faire plus, et ceux qui en ont seulement entendu parler et qui voudraient passer outre le \u00ab\u00a0je voudrais bien faire, mais ne sais pas comment\u00a0\u00bb.<\/p>\n<h4>Venez nombreux!!<\/h4>\n<p><img loading=\"lazy\" decoding=\"async\" class=\"alignnone wp-image-753\" src=\"http:\/\/www.parquoijecommence.eu\/wp-content\/uploads\/2018\/05\/13161516_271653336504863_813333547_o.jpg\" alt=\"\" width=\"754\" height=\"510\" srcset=\"https:\/\/www.parquoijecommence.eu\/wp-content\/uploads\/2018\/05\/13161516_271653336504863_813333547_o.jpg 1337w, https:\/\/www.parquoijecommence.eu\/wp-content\/uploads\/2018\/05\/13161516_271653336504863_813333547_o-300x203.jpg 300w, https:\/\/www.parquoijecommence.eu\/wp-content\/uploads\/2018\/05\/13161516_271653336504863_813333547_o-768x519.jpg 768w, https:\/\/www.parquoijecommence.eu\/wp-content\/uploads\/2018\/05\/13161516_271653336504863_813333547_o-1024x692.jpg 1024w, https:\/\/www.parquoijecommence.eu\/wp-content\/uploads\/2018\/05\/13161516_271653336504863_813333547_o-600x406.jpg 600w\" sizes=\"auto, (max-width: 754px) 100vw, 754px\" \/><\/p>\n<p>PS: je me permets d&rsquo;ajouter une info concernant<a href=\"https:\/\/zds.fr\/blog\/\" target=\"_blank\" rel=\"noopener\"> l&rsquo;AG de l&rsquo;association \u00ab\u00a0Zero D\u00e9chet Strasbourg\u00a0\u00bb<\/a> qui a lieu le 10 juin \u00e0 16h.<\/p>\n<p>PS2: les droits des images reviennent \u00e0 leurs cr\u00e9ateurs, \u00e0 savoir <a href=\"http:\/\/www.famillezerodechet.com\" target=\"_blank\" rel=\"noopener\">www.famillezerodechet.com<\/a> et <a href=\"https:\/\/www.zerowastefrance.org\" target=\"_blank\" rel=\"noopener\">Zero Waste France<\/a><\/p>\n","protected":false},"excerpt":{"rendered":"<p>Cool, un groupe de plus qui prend de l&rsquo;ampleur!!! Ce lundi 28 mai a donc lieu chez Sophie Sch\u00f6nh\u00f6fer une<\/p>\n","protected":false},"author":2,"featured_media":754,"comment_status":"open","ping_status":"open","sticky":false,"template":"","format":"chat","meta":{"colormag_page_container_layout":"default_layout","colormag_page_sidebar_layout":"default_layout","footnotes":""},"categories":[82,99,14,89,5,7,90,78,79],"tags":[88,67,84],"class_list":["post-750","post","type-post","status-publish","format-chat","has-post-thumbnail","hentry","category-alimentation","category-changement","category-collectif","category-communication","category-economie","category-energie","category-environnement","category-zero-dechet","category-zero-dechet-2","tag-changement","tag-reunion","tag-zero-dechet","post_format-post-format-chat"],"_links":{"self":[{"href":"https:\/\/www.parquoijecommence.eu\/index.php?rest_route=\/wp\/v2\/posts\/750","targetHints":{"allow":["GET"]}}],"collection":[{"href":"https:\/\/www.parquoijecommence.eu\/index.php?rest_route=\/wp\/v2\/posts"}],"about":[{"href":"https:\/\/www.parquoijecommence.eu\/index.php?rest_route=\/wp\/v2\/types\/post"}],"author":[{"embeddable":true,"href":"https:\/\/www.parquoijecommence.eu\/index.php?rest_route=\/wp\/v2\/users\/2"}],"replies":[{"embeddable":true,"href":"https:\/\/www.parquoijecommence.eu\/index.php?rest_route=%2Fwp%2Fv2%2Fcomments&post=750"}],"version-history":[{"count":5,"href":"https:\/\/www.parquoijecommence.eu\/index.php?rest_route=\/wp\/v2\/posts\/750\/revisions"}],"predecessor-version":[{"id":761,"href":"https:\/\/www.parquoijecommence.eu\/index.php?rest_route=\/wp\/v2\/posts\/750\/revisions\/761"}],"wp:featuredmedia":[{"embeddable":true,"href":"https:\/\/www.parquoijecommence.eu\/index.php?rest_route=\/wp\/v2\/media\/754"}],"wp:attachment":[{"href":"https:\/\/www.parquoijecommence.eu\/index.php?rest_route=%2Fwp%2Fv2%2Fmedia&parent=750"}],"wp:term":[{"taxonomy":"category","embeddable":true,"href":"https:\/\/www.parquoijecommence.eu\/index.php?rest_route=%2Fwp%2Fv2%2Fcategories&post=750"},{"taxonomy":"post_tag","embeddable":true,"href":"https:\/\/www.parquoijecommence.eu\/index.php?rest_route=%2Fwp%2Fv2%2Ftags&post=750"}],"curies":[{"name":"wp","href":"https:\/\/api.w.org\/{rel}","templated":true}]}}