{"id":561,"date":"2018-03-05T22:09:44","date_gmt":"2018-03-05T21:09:44","guid":{"rendered":"http:\/\/www.parquoijecommence.eu\/?p=561"},"modified":"2018-03-05T22:09:44","modified_gmt":"2018-03-05T21:09:44","slug":"la-strategie-gagnante","status":"publish","type":"post","link":"https:\/\/www.parquoijecommence.eu\/?p=561","title":{"rendered":"La strat\u00e9gie gagnante !"},"content":{"rendered":"<p>Je suis sorti l\u00e9ger, combl\u00e9, joyeux de la derni\u00e8re r\u00e9union du collectif samedi dernier ! Alors oui, c&rsquo;\u00e9tait g\u00e9nial d&rsquo;\u00eatre en si bonne compagnie, avec des gens fiables, concrets, riches d&rsquo;id\u00e9es et d\u00e9sireux de r\u00e9aliser quelque chose de bon ensemble.<\/p>\n<p>Et puis il y a eu ce moment o\u00f9 j&rsquo;ai compris pourquoi le collectif avait vraiment une chance de fonctionner, vite, fort et longtemps. Pourquoi il \u00e9tait possible que nous r\u00e9ussissions r\u00e9ellement la transition dans notre r\u00e9gion.<\/p>\n<p>Tant d&rsquo;associations avec de bonnes intentions se sont essouffl\u00e9es parce que les b\u00e9n\u00e9voles ne trouvaient plus les ressources n\u00e9cessaires en leur sein. En parall\u00e8le, tant d&rsquo;institutions \u00e9tablies se sont d\u00e9grad\u00e9es par la rigidit\u00e9 de leur fonctionnement et ont perdu les bonnes intentions qui \u00e9taient les leurs au d\u00e9but.<\/p>\n<p>Et alors nous ? Eh bien nous, nous avons la chance de r\u00e9unir, au sein de notre collectif, les professionnel-le-s et les b\u00e9n\u00e9voles, les structures \u00e9tablies (rod\u00e9es, solides, financ\u00e9es) et le mouvement spontan\u00e9 (fluide, proche de ses aspirations, libre).<\/p>\n<p>Un exemple : Eco-\u00e9cole. Une personne dont c&rsquo;est le m\u00e9tier souhaite r\u00e9aliser une action \u00e9cologique, p\u00e9dagogique, bonne pour la communaut\u00e9 : cr\u00e9er des bacs de culture, planter des fruitiers, dans une \u00e9cole primaire. Les r\u00e8gles normales de sa structure (li\u00e9es \u00e0 la hi\u00e9rarchie, aux plannings, aux n\u00e9cessit\u00e9s de service) auraient pu entraver voire emp\u00eacher la r\u00e9alisation rapide de ce projet. Dans l&rsquo;autre sens, si un-e citoyen-ne lambda mais avec les connaissances et les amiti\u00e9s n\u00e9cessaires avait eu la m\u00eame intention, c&rsquo;est le mat\u00e9riel, les ressources et les appuis qui lui auraient manqu\u00e9. R\u00e9unissez les deux et vous r\u00e9ussissez l&rsquo;op\u00e9ration.<\/p>\n<p>Je comprends enfin que nous avons besoin d&rsquo;\u00eatre des deux c\u00f4t\u00e9s du mur et de se lancer des cordes, de le gravir ensemble ce fichu mur qui, je le croyais, s\u00e9parait jusque l\u00e0 les institutions et les citoyen-ne-s. C&rsquo;est GR\u00c2CE aux institutions \u00e9tablies (services municipaux, \u00e9coles, h\u00f4pitaux, services sociaux), GR\u00c2CE aux gens \u00e9veill\u00e9s et enthousiastes de ces institutions et GR\u00c2CE \u00a0aux citoyen-ne-s non professionnel-le-s que nous allons r\u00e9ussir la transition.<\/p>\n<p>Deux exemples encore : C&rsquo;est gr\u00e2ce \u00e0 l&rsquo;\u00e9quipe enseignante d&rsquo;une \u00e9cole de Wissembourg et gr\u00e2ce \u00e0 un membre du collectif avec quelques connaissances que la communication consciente (on dit aussi \u00ab\u00a0communication non violente\u00a0\u00bb) pourra \u00eatre utilis\u00e9e, test\u00e9e, sugg\u00e9r\u00e9e aupr\u00e8s des enfants. Institution (locaux, planning, mat\u00e9riel) + professionnelles + b\u00e9n\u00e9voles = une action durable.<\/p>\n<p>Et puis, pour revenir au Repair Caf\u00e9 : la structure est l\u00e0 (locaux, mat\u00e9riel, assurance), les professionnels chaleureux et motivants, les b\u00e9n\u00e9voles motiv\u00e9s.<\/p>\n<p>Je vous propose donc une petite recette : pour chaque action du collectif, prenez une bonne rasade de membres sensibilis\u00e9-e-s et enthousiastes, puis ajoutez-y une louche d&rsquo;institution et \u00a0rehaussez finement le tout avec la personne qui attendait d&rsquo;exprimer le meilleur de son lieu professionnel.<\/p>\n<p>Bref, tout \u00e7a pour dire, que nous allons nous r\u00e9galer !<\/p>\n<p>Mathieu<\/p>\n<p>P.S : Alors bon, l&rsquo;image d&rsquo;accroche, c&rsquo;\u00e9tait pour adoucir un peu mon titre que je trouvais trop \u00ab\u00a0jeune-loup-de-la-finance\u00a0\u00bb. Dites-moi juste si mon article perd en cr\u00e9dibilit\u00e9 &#8230;<\/p>\n<p>&nbsp;<\/p>\n<p>&nbsp;<\/p>\n<p>&nbsp;<\/p>\n<p>&nbsp;<\/p>\n<p>&nbsp;<\/p>\n","protected":false},"excerpt":{"rendered":"<p>Je suis sorti l\u00e9ger, combl\u00e9, joyeux de la derni\u00e8re r\u00e9union du collectif samedi dernier ! Alors oui, c&rsquo;\u00e9tait g\u00e9nial d&rsquo;\u00eatre<\/p>\n","protected":false},"author":3,"featured_media":566,"comment_status":"open","ping_status":"open","sticky":false,"template":"","format":"standard","meta":{"colormag_page_container_layout":"default_layout","colormag_page_sidebar_layout":"default_layout","footnotes":""},"categories":[99,3],"tags":[],"class_list":["post-561","post","type-post","status-publish","format-standard","has-post-thumbnail","hentry","category-changement","category-democratie"],"_links":{"self":[{"href":"https:\/\/www.parquoijecommence.eu\/index.php?rest_route=\/wp\/v2\/posts\/561","targetHints":{"allow":["GET"]}}],"collection":[{"href":"https:\/\/www.parquoijecommence.eu\/index.php?rest_route=\/wp\/v2\/posts"}],"about":[{"href":"https:\/\/www.parquoijecommence.eu\/index.php?rest_route=\/wp\/v2\/types\/post"}],"author":[{"embeddable":true,"href":"https:\/\/www.parquoijecommence.eu\/index.php?rest_route=\/wp\/v2\/users\/3"}],"replies":[{"embeddable":true,"href":"https:\/\/www.parquoijecommence.eu\/index.php?rest_route=%2Fwp%2Fv2%2Fcomments&post=561"}],"version-history":[{"count":5,"href":"https:\/\/www.parquoijecommence.eu\/index.php?rest_route=\/wp\/v2\/posts\/561\/revisions"}],"predecessor-version":[{"id":568,"href":"https:\/\/www.parquoijecommence.eu\/index.php?rest_route=\/wp\/v2\/posts\/561\/revisions\/568"}],"wp:featuredmedia":[{"embeddable":true,"href":"https:\/\/www.parquoijecommence.eu\/index.php?rest_route=\/wp\/v2\/media\/566"}],"wp:attachment":[{"href":"https:\/\/www.parquoijecommence.eu\/index.php?rest_route=%2Fwp%2Fv2%2Fmedia&parent=561"}],"wp:term":[{"taxonomy":"category","embeddable":true,"href":"https:\/\/www.parquoijecommence.eu\/index.php?rest_route=%2Fwp%2Fv2%2Fcategories&post=561"},{"taxonomy":"post_tag","embeddable":true,"href":"https:\/\/www.parquoijecommence.eu\/index.php?rest_route=%2Fwp%2Fv2%2Ftags&post=561"}],"curies":[{"name":"wp","href":"https:\/\/api.w.org\/{rel}","templated":true}]}}