{"id":362,"date":"2017-10-09T19:47:07","date_gmt":"2017-10-09T17:47:07","guid":{"rendered":"http:\/\/www.parquoijecommence.eu\/?p=362"},"modified":"2017-10-09T19:47:07","modified_gmt":"2017-10-09T17:47:07","slug":"besoin-dun-petit-coup-de-main-plantation-dune-haie-vive","status":"publish","type":"post","link":"https:\/\/www.parquoijecommence.eu\/?p=362","title":{"rendered":"Besoin d&rsquo;un petit coup de main: plantation d&rsquo;une haie vive"},"content":{"rendered":"<p>Salut \u00e0 tous,<\/p>\n<p>L&rsquo;occasion se pr\u00e9sente ici de relayer une demande de coup de main.<\/p>\n<p>Cela concerne la plantation de haies vives chez Delphine et Eric, maraichers \u00e0 Riedseltz <strong>le samedi\u00a0 25 novembre.<\/strong><\/p>\n<p>Tous les renseignements et les liens \u00e9ventuels sont pr\u00e9sent\u00e9s dans le documents joints, n&rsquo;h\u00e9sitez pas \u00e0 vous inscrire, cela fera votre BA du jour (ou du mois??), chez des gens tr\u00e8s sympas, et cela peut en plus transformer une journ\u00e9e morne de novembre en belle journ\u00e9e radieuse sur un chantier participatif!!!<\/p>\n<a href=\"https:\/\/www.parquoijecommence.eu\/wp-content\/uploads\/2017\/10\/Chantier-participatif-Riedseltz-Ferme-Rikedel-25-nov.pdf\" class=\"pdfemb-viewer\" style=\"\" data-width=\"max\" data-height=\"max\" data-toolbar=\"bottom\" data-toolbar-fixed=\"off\">Chantier-participatif-Riedseltz-Ferme-Rikedel-25-nov<\/a>\n<p>&nbsp;<\/p>\n<p>Merci pour eux,<\/p>\n<p>Fred pour le Collectif<\/p>\n","protected":false},"excerpt":{"rendered":"<p>Salut \u00e0 tous, L&rsquo;occasion se pr\u00e9sente ici de relayer une demande de coup de main. Cela concerne la plantation de<\/p>\n","protected":false},"author":2,"featured_media":0,"comment_status":"open","ping_status":"open","sticky":false,"template":"","format":"aside","meta":{"colormag_page_container_layout":"default_layout","colormag_page_sidebar_layout":"default_layout","footnotes":""},"categories":[6,70,71],"tags":[91,98,65,18,73],"class_list":["post-362","post","type-post","status-publish","format-aside","hentry","category-agriculture-alimentation","category-permaculture","category-technique-de-jardinage","tag-arbre","tag-chantier-participatif","tag-collectif","tag-evenements","tag-permaculture","post_format-post-format-aside"],"_links":{"self":[{"href":"https:\/\/www.parquoijecommence.eu\/index.php?rest_route=\/wp\/v2\/posts\/362","targetHints":{"allow":["GET"]}}],"collection":[{"href":"https:\/\/www.parquoijecommence.eu\/index.php?rest_route=\/wp\/v2\/posts"}],"about":[{"href":"https:\/\/www.parquoijecommence.eu\/index.php?rest_route=\/wp\/v2\/types\/post"}],"author":[{"embeddable":true,"href":"https:\/\/www.parquoijecommence.eu\/index.php?rest_route=\/wp\/v2\/users\/2"}],"replies":[{"embeddable":true,"href":"https:\/\/www.parquoijecommence.eu\/index.php?rest_route=%2Fwp%2Fv2%2Fcomments&post=362"}],"version-history":[{"count":2,"href":"https:\/\/www.parquoijecommence.eu\/index.php?rest_route=\/wp\/v2\/posts\/362\/revisions"}],"predecessor-version":[{"id":365,"href":"https:\/\/www.parquoijecommence.eu\/index.php?rest_route=\/wp\/v2\/posts\/362\/revisions\/365"}],"wp:attachment":[{"href":"https:\/\/www.parquoijecommence.eu\/index.php?rest_route=%2Fwp%2Fv2%2Fmedia&parent=362"}],"wp:term":[{"taxonomy":"category","embeddable":true,"href":"https:\/\/www.parquoijecommence.eu\/index.php?rest_route=%2Fwp%2Fv2%2Fcategories&post=362"},{"taxonomy":"post_tag","embeddable":true,"href":"https:\/\/www.parquoijecommence.eu\/index.php?rest_route=%2Fwp%2Fv2%2Ftags&post=362"}],"curies":[{"name":"wp","href":"https:\/\/api.w.org\/{rel}","templated":true}]}}