{"id":1066,"date":"2019-02-01T18:28:09","date_gmt":"2019-02-01T17:28:09","guid":{"rendered":"http:\/\/www.parquoijecommence.eu\/?p=1066"},"modified":"2019-02-01T19:34:34","modified_gmt":"2019-02-01T18:34:34","slug":"le-libre","status":"publish","type":"post","link":"https:\/\/www.parquoijecommence.eu\/?p=1066","title":{"rendered":"Le Libre&#8230;"},"content":{"rendered":"<h3>De qui parle-t-on?<\/h3>\n<p>De Max, probablement&#8230; mais pas que&#8230;<\/p>\n<p>On parle de tous ceux qui se battent contre l&rsquo;appropriation du savoir, du patrimoine g\u00e9n\u00e9tique, de nos donn\u00e9es personnelles, de nos syst\u00e8mes d&rsquo;information, de notre libert\u00e9 de penser &#8211; voire de mal penser -, de notre libert\u00e9 d&rsquo;\u00e9crire, &#8230;<\/p>\n<p>C&rsquo;est un th\u00e8me tr\u00e8s actuel et pourtant qui passe souvent \u00e0 la trappe.<\/p>\n<p>Oui, certains de ces aspects sont des luxes inouis en comparaison de biens, ressources ou droits primaires dont ne dispose pas une part \u00e9norme de la population mondiale.<\/p>\n<h5>Cela n&rsquo;en fait pas moins un th\u00e8me de premi\u00e8re importance.<\/h5>\n<p>Pour illustrer l&rsquo;importance qu&rsquo;a la sauvegarde de la vie priv\u00e9e contre les GAFAM, par exemple, (sujet qui est souvent consid\u00e9r\u00e9 comme de 2nd ordre), je voudrais juste citer Edward Snowden qui avait tr\u00e8s justement r\u00e9agi \u00e0 la r\u00e9ponse si souvent entendue \u00ab\u00a0je me fiche que l&rsquo;on acc\u00e8de \u00e0 mes donn\u00e9es personnelles, j&rsquo;ai rien \u00e0 cacher&#8230;\u00a0\u00bb.<\/p>\n<blockquote><p>\u00ab\u00a0Lorsque vous dites &lsquo;le droit \u00e0 la vie priv\u00e9e ne me pr\u00e9occupe pas, parce que je n&rsquo;ai rien \u00e0 cacher&rsquo;, cela ne fait aucune diff\u00e9rence avec le fait de dire &lsquo;Je me moque du droit \u00e0 la libert\u00e9 d&rsquo;expression parce que je n&rsquo;ai rien \u00e0 dire&rsquo;, ou &lsquo;de la libert\u00e9 de la presse parce que je n&rsquo;ai rien \u00e0 \u00e9crire'\u00a0\u00bb<\/p><\/blockquote>\n<p>Il sera d&rsquo;autant plus difficile de nous battre lorsque tout sera verrouill\u00e9. Et ce n&rsquo;est qu&rsquo;un des th\u00e8mes nombreux qui se cachent sous le terme du Libre.<\/p>\n<p><strong>Cette longue introduction pour vous parler<\/strong> d&rsquo;un documentaire qui va bient\u00f4t \u00eatre diffus\u00e9 sur Arte \u00ab\u00a0La bataille du Libre\u00a0\u00bb dont voici la bande annonce.<\/p>\n<p><iframe loading=\"lazy\" src=\"https:\/\/player.vimeo.com\/video\/309626671?app_id=122963\" width=\"800\" height=\"450\" frameborder=\"0\" title=\"Bande annonce du film &quot;La bataille du libre&quot; (version 3min VF) \/ Sortie officielle d&eacute;but 2019\" allow=\"autoplay; fullscreen\" allowfullscreen><\/iframe><\/p>\n<p><strong>Le r\u00e9alisateur Philippe Borrel n&rsquo;en est<\/strong> pas \u00e0 son coup d&rsquo;essai, il a d\u00e9j\u00e0 r\u00e9alis\u00e9 plusieurs films pour Arte dont \u00ab\u00a0L&rsquo;urgence de ralentir\u00a0\u00bb ou \u00ab\u00a0Un monde sans humains\u00a0\u00bb.<\/p>\n<p>A garder au coin de l&rsquo;oeil, cela promet d&rsquo;\u00eatre passionnant et interpellant!<\/p>\n<p>J&rsquo;en profite \u00e9galement pour rappeler les <a href=\"_wp_link_placeholder\">rendez-vous<\/a> organis\u0117s par l&rsquo;ARC chaque premier samedi apr\u00e8s midi du mois \u00e0 la maison de la jeunesse \u00e0 Wissembourg. Venez-y, c&rsquo;est en plein dans la th\u00e9matique.<\/p>\n<p>Et puis, j&rsquo;annonce aussi la cr\u00e9ation prochaine d&rsquo;un GULLLOF (Groupe des Utilisateurs de Linux et des Logiciels Libres de l&rsquo;Outre-For\u00eat, pas s\u00fbr qu&rsquo;on garde le nom&#8230;.). On vous en reparlera bient\u00f4t !<\/p>\n<pre>PS: si vous avez un nom plus \u00e9vocateur ou qui sonne mieux, faites le nous savoir, afin que nous puissions le d\u00e9poser rapidement!<\/pre>\n","protected":false},"excerpt":{"rendered":"<p>De qui parle-t-on? De Max, probablement&#8230; mais pas que&#8230; On parle de tous ceux qui se battent contre l&rsquo;appropriation du<\/p>\n","protected":false},"author":2,"featured_media":0,"comment_status":"open","ping_status":"open","sticky":false,"template":"","format":"standard","meta":{"colormag_page_container_layout":"default_layout","colormag_page_sidebar_layout":"default_layout","footnotes":""},"categories":[99,14,89,5,7],"tags":[18,131,144,136,137],"class_list":["post-1066","post","type-post","status-publish","format-standard","hentry","category-changement","category-collectif","category-communication","category-economie","category-energie","tag-evenements","tag-film","tag-libre","tag-linux","tag-logiciels-libres"],"_links":{"self":[{"href":"https:\/\/www.parquoijecommence.eu\/index.php?rest_route=\/wp\/v2\/posts\/1066","targetHints":{"allow":["GET"]}}],"collection":[{"href":"https:\/\/www.parquoijecommence.eu\/index.php?rest_route=\/wp\/v2\/posts"}],"about":[{"href":"https:\/\/www.parquoijecommence.eu\/index.php?rest_route=\/wp\/v2\/types\/post"}],"author":[{"embeddable":true,"href":"https:\/\/www.parquoijecommence.eu\/index.php?rest_route=\/wp\/v2\/users\/2"}],"replies":[{"embeddable":true,"href":"https:\/\/www.parquoijecommence.eu\/index.php?rest_route=%2Fwp%2Fv2%2Fcomments&post=1066"}],"version-history":[{"count":3,"href":"https:\/\/www.parquoijecommence.eu\/index.php?rest_route=\/wp\/v2\/posts\/1066\/revisions"}],"predecessor-version":[{"id":1072,"href":"https:\/\/www.parquoijecommence.eu\/index.php?rest_route=\/wp\/v2\/posts\/1066\/revisions\/1072"}],"wp:attachment":[{"href":"https:\/\/www.parquoijecommence.eu\/index.php?rest_route=%2Fwp%2Fv2%2Fmedia&parent=1066"}],"wp:term":[{"taxonomy":"category","embeddable":true,"href":"https:\/\/www.parquoijecommence.eu\/index.php?rest_route=%2Fwp%2Fv2%2Fcategories&post=1066"},{"taxonomy":"post_tag","embeddable":true,"href":"https:\/\/www.parquoijecommence.eu\/index.php?rest_route=%2Fwp%2Fv2%2Ftags&post=1066"}],"curies":[{"name":"wp","href":"https:\/\/api.w.org\/{rel}","templated":true}]}}